{"id":2333,"date":"2025-11-17T12:48:58","date_gmt":"2025-11-17T12:48:58","guid":{"rendered":"https:\/\/www.medae-agroecology.eu\/?p=2333"},"modified":"2026-01-22T10:15:41","modified_gmt":"2026-01-22T10:15:41","slug":"appel-a-contributions-pour-un-dossier-thematique-des-cahiers-agricultures","status":"publish","type":"post","link":"https:\/\/www.medae-agroecology.eu\/fr\/2025\/11\/17\/appel-a-contributions-pour-un-dossier-thematique-des-cahiers-agricultures\/","title":{"rendered":"Appel \u00e0 contributions pour un dossier th\u00e9matique des Cahiers Agricultures"},"content":{"rendered":"<div data-elementor-type=\"wp-post\" data-elementor-id=\"2333\" class=\"elementor elementor-2333\">\n\t\t\t\t<div class=\"aux-parallax-section elementor-element elementor-element-02ac939 e-flex e-con-boxed e-con e-parent\" data-id=\"02ac939\" data-element_type=\"container\" data-e-type=\"container\">\n\t\t\t\t\t<div class=\"e-con-inner\">\n\t\t\t\t<div class=\"elementor-element elementor-element-bf3d5c1 elementor-widget elementor-widget-image\" data-id=\"bf3d5c1\" data-element_type=\"widget\" data-e-type=\"widget\" data-widget_type=\"image.default\">\n\t\t\t\t<div class=\"elementor-widget-container\">\n\t\t\t\t\t\t\t\t\t\t\t\t\t\t\t<img fetchpriority=\"high\" decoding=\"async\" width=\"700\" height=\"700\" src=\"https:\/\/www.medae-agroecology.eu\/wp-content\/uploads\/2025\/12\/Appel-a-contribution_frame.jpg\" class=\"attachment-full size-full wp-image-2371\" alt=\"\" srcset=\"https:\/\/www.medae-agroecology.eu\/wp-content\/uploads\/2025\/12\/Appel-a-contribution_frame.jpg 700w, https:\/\/www.medae-agroecology.eu\/wp-content\/uploads\/2025\/12\/Appel-a-contribution_frame-300x300.jpg 300w, https:\/\/www.medae-agroecology.eu\/wp-content\/uploads\/2025\/12\/Appel-a-contribution_frame-150x150.jpg 150w, https:\/\/www.medae-agroecology.eu\/wp-content\/uploads\/2025\/12\/Appel-a-contribution_frame-12x12.jpg 12w\" sizes=\"(max-width: 700px) 100vw, 700px\" \/>\t\t\t\t\t\t\t\t\t\t\t\t\t\t\t<\/div>\n\t\t\t\t<\/div>\n\t\t\t\t\t<\/div>\n\t\t\t\t<\/div>\n\t\t<div class=\"aux-parallax-section elementor-element elementor-element-0232213 e-flex e-con-boxed e-con e-parent\" data-id=\"0232213\" data-element_type=\"container\" data-e-type=\"container\">\n\t\t\t\t\t<div class=\"e-con-inner\">\n\t\t<div class=\"elementor-element elementor-element-1c0aae3 e-con-full e-flex e-con e-child\" data-id=\"1c0aae3\" data-element_type=\"container\" data-e-type=\"container\">\n\t\t\t\t<div class=\"elementor-element elementor-element-0fbcd22 elementor-widget elementor-widget-heading\" data-id=\"0fbcd22\" data-element_type=\"widget\" data-e-type=\"widget\" data-widget_type=\"heading.default\">\n\t\t\t\t<div class=\"elementor-widget-container\">\n\t\t\t\t\t<h4 class=\"elementor-heading-title elementor-size-default\">\"Les formations agricoles dans le monde \u00e0 l'\u00e9preuve de l'agro\u00e9cologie\"<\/h4>\t\t\t\t<\/div>\n\t\t\t\t<\/div>\n\t\t\t\t<\/div>\n\t\t\t\t\t<\/div>\n\t\t\t\t<\/div>\n\t\t<div class=\"aux-parallax-section elementor-element elementor-element-9f57b42 e-flex e-con-boxed e-con e-parent\" data-id=\"9f57b42\" data-element_type=\"container\" data-e-type=\"container\">\n\t\t\t\t\t<div class=\"e-con-inner\">\n\t\t<div class=\"elementor-element elementor-element-157e701 e-con-full e-flex e-con e-child\" data-id=\"157e701\" data-element_type=\"container\" data-e-type=\"container\">\n\t\t<div class=\"elementor-element elementor-element-bacce05 e-con-full e-flex e-con e-child\" data-id=\"bacce05\" data-element_type=\"container\" data-e-type=\"container\">\n\t\t<div class=\"elementor-element elementor-element-4ce765c e-con-full e-flex e-con e-child\" data-id=\"4ce765c\" data-element_type=\"container\" data-e-type=\"container\">\n\t\t\t\t<div class=\"elementor-element elementor-element-979d871 elementor-widget elementor-widget-text-editor\" data-id=\"979d871\" data-element_type=\"widget\" data-e-type=\"widget\" data-widget_type=\"text-editor.default\">\n\t\t\t\t<div class=\"elementor-widget-container\">\n\t\t\t\t\t\t\t\t\t<p>Les Cahiers Agricultures lancent un appel \u00e0 articles pour un dossier th\u00e9matique sur <strong>\"Les formations agricoles dans le monde \u00e0 l'\u00e9preuve de l'agro\u00e9cologie\", <\/strong>coordonn\u00e9 par Joachim Benet Rivi\u00e8re (GRESCO, Universit\u00e9 de Poitiers), Caroline Lejars (UMR G-Eau, Cirad), Ludovic Temple (UMR Innovation, Cirad), St\u00e9phane de Tourdonnet (Institut Agro Montpellier).<\/p>\t\t\t\t\t\t\t\t<\/div>\n\t\t\t\t<\/div>\n\t\t\t\t<div class=\"elementor-element elementor-element-af84dea elementor-position-inline-start elementor-view-default elementor-mobile-position-block-start elementor-widget elementor-widget-icon-box\" data-id=\"af84dea\" data-element_type=\"widget\" data-e-type=\"widget\" data-widget_type=\"icon-box.default\">\n\t\t\t\t<div class=\"elementor-widget-container\">\n\t\t\t\t\t\t\t<div class=\"elementor-icon-box-wrapper\">\n\n\t\t\t\t\t\t<div class=\"elementor-icon-box-icon\">\n\t\t\t\t<span  class=\"elementor-icon\">\n\t\t\t\t<i aria-hidden=\"true\" class=\"fas fa-dot-circle\"><\/i>\t\t\t\t<\/span>\n\t\t\t<\/div>\n\t\t\t\n\t\t\t\t\t\t<div class=\"elementor-icon-box-content\">\n\n\t\t\t\t\t\t\t\t\t<h2 class=\"elementor-icon-box-title\">\n\t\t\t\t\t\t<span  >\n\t\t\t\t\t\t\tDate butoir de r\u00e9ception des r\u00e9sum\u00e9s : 15 juin 2026\t\t\t\t\t\t<\/span>\n\t\t\t\t\t<\/h2>\n\t\t\t\t\n\t\t\t\t\n\t\t\t<\/div>\n\t\t\t\n\t\t<\/div>\n\t\t\t\t\t\t<\/div>\n\t\t\t\t<\/div>\n\t\t\t\t<div class=\"elementor-element elementor-element-c4bade9 elementor-position-inline-start elementor-view-default elementor-mobile-position-block-start elementor-widget elementor-widget-icon-box\" data-id=\"c4bade9\" data-element_type=\"widget\" data-e-type=\"widget\" data-widget_type=\"icon-box.default\">\n\t\t\t\t<div class=\"elementor-widget-container\">\n\t\t\t\t\t\t\t<div class=\"elementor-icon-box-wrapper\">\n\n\t\t\t\t\t\t<div class=\"elementor-icon-box-icon\">\n\t\t\t\t<span  class=\"elementor-icon\">\n\t\t\t\t<i aria-hidden=\"true\" class=\"fas fa-dot-circle\"><\/i>\t\t\t\t<\/span>\n\t\t\t<\/div>\n\t\t\t\n\t\t\t\t\t\t<div class=\"elementor-icon-box-content\">\n\n\t\t\t\t\t\t\t\t\t<h2 class=\"elementor-icon-box-title\">\n\t\t\t\t\t\t<span  >\n\t\t\t\t\t\t\tDate butoir de r\u00e9ception des articles : 15 novembre 2026\t\t\t\t\t\t<\/span>\n\t\t\t\t\t<\/h2>\n\t\t\t\t\n\t\t\t\t\n\t\t\t<\/div>\n\t\t\t\n\t\t<\/div>\n\t\t\t\t\t\t<\/div>\n\t\t\t\t<\/div>\n\t\t\t\t<div class=\"elementor-element elementor-element-94363d8 elementor-widget elementor-widget-html\" data-id=\"94363d8\" data-element_type=\"widget\" data-e-type=\"widget\" data-widget_type=\"html.default\">\n\t\t\t\t<div class=\"elementor-widget-container\">\n\t\t\t\t\t<style>\r\nsection.programme-agenda ul {\r\n  list-style-type: disc;\r\n  padding-left: 22px;\r\n  margin-top: 10px;\r\n}\r\n\r\nsection.programme-agenda ul li {\r\n  margin-bottom: 14px;\r\n  line-height: 1.6em;\r\n}\r\n\r\nsection.programme-agenda strong {\r\n  color: #3FA743; \/* verde MEDAE *\/\r\n}\r\n\r\nsection.programme-agenda em {\r\n  color: #555;\r\n}\r\n<\/style>\r\n\r\n<section class=\"programme-agenda\">\r\n  <ul>\r\n    <li>\r\n  <strong>Plus d'informations : <\/strong>\r\n  <a href=\"https:\/\/www.cahiersagricultures.fr\/fr\/actualites\/313-appel-a-contribution-dossier-thematique-agroecologie\" target=\"_blank\" rel=\"noopener\">\r\n    https:\/\/www.cahiersagricultures.fr\/fr\/actualites\/313-appel-a-contribution-dossier-thematique-agroecologie\r\n  <\/a>\r\n<\/li>\r\n\r\n    \r\n    \r\n  <\/ul>\r\n<\/section>\r\n\t\t\t\t<\/div>\n\t\t\t\t<\/div>\n\t\t\t\t<\/div>\n\t\t\t\t<\/div>\n\t\t\t\t<\/div>\n\t\t\t\t\t<\/div>\n\t\t\t\t<\/div>\n\t\t\t\t<\/div>","protected":false},"excerpt":{"rendered":"<p>&#8220;Les formations agricoles dans le monde \u00e0 l\u2019\u00e9preuve de l\u2019agro\u00e9cologie&#8221; Les Cahiers Agricultures lancent un appel \u00e0 articles pour un dossier th\u00e9matique sur &#8220;Les formations agricoles dans le monde \u00e0 l\u2019\u00e9preuve de l\u2019agro\u00e9cologie&#8221;, coordonn\u00e9 par Joachim Benet Rivi\u00e8re (GRESCO, Universit\u00e9 de Poitiers), Caroline Lejars (UMR G-Eau, Cirad), Ludovic Temple (UMR Innovation, Cirad), St\u00e9phane de Tourdonnet [&hellip;]<\/p>\n","protected":false},"author":1,"featured_media":2371,"comment_status":"closed","ping_status":"closed","sticky":false,"template":"","format":"standard","meta":{"footnotes":""},"categories":[40],"tags":[37],"class_list":["post-2333","post","type-post","status-publish","format-standard","has-post-thumbnail","hentry","category-news","tag-webinars"],"_links":{"self":[{"href":"https:\/\/www.medae-agroecology.eu\/fr\/wp-json\/wp\/v2\/posts\/2333","targetHints":{"allow":["GET"]}}],"collection":[{"href":"https:\/\/www.medae-agroecology.eu\/fr\/wp-json\/wp\/v2\/posts"}],"about":[{"href":"https:\/\/www.medae-agroecology.eu\/fr\/wp-json\/wp\/v2\/types\/post"}],"author":[{"embeddable":true,"href":"https:\/\/www.medae-agroecology.eu\/fr\/wp-json\/wp\/v2\/users\/1"}],"replies":[{"embeddable":true,"href":"https:\/\/www.medae-agroecology.eu\/fr\/wp-json\/wp\/v2\/comments?post=2333"}],"version-history":[{"count":10,"href":"https:\/\/www.medae-agroecology.eu\/fr\/wp-json\/wp\/v2\/posts\/2333\/revisions"}],"predecessor-version":[{"id":2433,"href":"https:\/\/www.medae-agroecology.eu\/fr\/wp-json\/wp\/v2\/posts\/2333\/revisions\/2433"}],"wp:featuredmedia":[{"embeddable":true,"href":"https:\/\/www.medae-agroecology.eu\/fr\/wp-json\/wp\/v2\/media\/2371"}],"wp:attachment":[{"href":"https:\/\/www.medae-agroecology.eu\/fr\/wp-json\/wp\/v2\/media?parent=2333"}],"wp:term":[{"taxonomy":"category","embeddable":true,"href":"https:\/\/www.medae-agroecology.eu\/fr\/wp-json\/wp\/v2\/categories?post=2333"},{"taxonomy":"post_tag","embeddable":true,"href":"https:\/\/www.medae-agroecology.eu\/fr\/wp-json\/wp\/v2\/tags?post=2333"}],"curies":[{"name":"wp","href":"https:\/\/api.w.org\/{rel}","templated":true}]}}