{"id":2251,"date":"2025-07-15T14:09:36","date_gmt":"2025-07-15T14:09:36","guid":{"rendered":"https:\/\/www.medae-agroecology.eu\/?p=2251"},"modified":"2025-11-28T17:56:47","modified_gmt":"2025-11-28T17:56:47","slug":"report-on-the-seminar-29-june-algiers","status":"publish","type":"post","link":"https:\/\/www.medae-agroecology.eu\/fr\/2025\/07\/15\/report-on-the-seminar-29-june-algiers\/","title":{"rendered":"Rapport du s\u00e9minaire, 29 juin, Alger"},"content":{"rendered":"<div data-elementor-type=\"wp-post\" data-elementor-id=\"2251\" class=\"elementor elementor-2251\">\n\t\t\t\t<div class=\"aux-parallax-section elementor-element elementor-element-9638bef e-flex e-con-boxed e-con e-parent\" data-id=\"9638bef\" data-element_type=\"container\" data-e-type=\"container\">\n\t\t\t\t\t<div class=\"e-con-inner\">\n\t\t\t\t<div class=\"elementor-element elementor-element-f3215e3 elementor-widget elementor-widget-image\" data-id=\"f3215e3\" data-element_type=\"widget\" data-e-type=\"widget\" data-widget_type=\"image.default\">\n\t\t\t\t<div class=\"elementor-widget-container\">\n\t\t\t\t\t\t\t\t\t\t\t\t\t\t\t<img fetchpriority=\"high\" decoding=\"async\" width=\"1024\" height=\"1024\" src=\"https:\/\/www.medae-agroecology.eu\/wp-content\/uploads\/2025\/05\/ENG_Poster-1024x1024.png\" class=\"attachment-large size-large wp-image-2127\" alt=\"\" srcset=\"https:\/\/www.medae-agroecology.eu\/wp-content\/uploads\/2025\/05\/ENG_Poster-1024x1024.png 1024w, https:\/\/www.medae-agroecology.eu\/wp-content\/uploads\/2025\/05\/ENG_Poster-300x300.png 300w, https:\/\/www.medae-agroecology.eu\/wp-content\/uploads\/2025\/05\/ENG_Poster-150x150.png 150w, https:\/\/www.medae-agroecology.eu\/wp-content\/uploads\/2025\/05\/ENG_Poster-768x768.png 768w, https:\/\/www.medae-agroecology.eu\/wp-content\/uploads\/2025\/05\/ENG_Poster-12x12.png 12w\" sizes=\"(max-width: 1024px) 100vw, 1024px\" \/>\t\t\t\t\t\t\t\t\t\t\t\t\t\t\t<\/div>\n\t\t\t\t<\/div>\n\t\t\t\t\t<\/div>\n\t\t\t\t<\/div>\n\t\t<div class=\"aux-parallax-section elementor-element elementor-element-73c1459 e-flex e-con-boxed e-con e-parent\" data-id=\"73c1459\" data-element_type=\"container\" data-e-type=\"container\">\n\t\t\t\t\t<div class=\"e-con-inner\">\n\t\t<div class=\"elementor-element elementor-element-b0f3043 e-con-full e-flex e-con e-child\" data-id=\"b0f3043\" data-element_type=\"container\" data-e-type=\"container\">\n\t\t\t\t<div class=\"elementor-element elementor-element-9ffc8d2 elementor-widget elementor-widget-heading\" data-id=\"9ffc8d2\" data-element_type=\"widget\" data-e-type=\"widget\" data-widget_type=\"heading.default\">\n\t\t\t\t<div class=\"elementor-widget-container\">\n\t\t\t\t\t<h5 class=\"elementor-heading-title elementor-size-default\">Transition agro\u00e9cologique dans les diff\u00e9rents \u00e9cosyst\u00e8mes pour la lutte contre le changement climatique en Alg\u00e9rie : r\u00e9flexions autour d\u2019une approche multi-acteurs<\/h5>\t\t\t\t<\/div>\n\t\t\t\t<\/div>\n\t\t\t\t<div class=\"elementor-element elementor-element-e6bfc59 elementor-widget elementor-widget-heading\" data-id=\"e6bfc59\" data-element_type=\"widget\" data-e-type=\"widget\" data-widget_type=\"heading.default\">\n\t\t\t\t<div class=\"elementor-widget-container\">\n\t\t\t\t\t<h5 class=\"elementor-heading-title elementor-size-default\">Alger, le 29 juin 2025<\/h5>\t\t\t\t<\/div>\n\t\t\t\t<\/div>\n\t\t\t\t<div class=\"elementor-element elementor-element-8eafc7e elementor-widget elementor-widget-text-editor\" data-id=\"8eafc7e\" data-element_type=\"widget\" data-e-type=\"widget\" data-widget_type=\"text-editor.default\">\n\t\t\t\t<div class=\"elementor-widget-container\">\n\t\t\t\t\t\t\t\t\t<p>Le Centre de recherche en \u00e9conomie appliqu\u00e9e pour le d\u00e9veloppement (CREAD) et le r\u00e9seau multi-acteur d\u2019agro\u00e9cologie en M\u00e9diterran\u00e9e (MEDAE) ont organis\u00e9 un s\u00e9minaire sur \u00ab Transition agro\u00e9cologique dans les diff\u00e9rents \u00e9cosyst\u00e8mes pour la lutte contre le changement climatique en Alg\u00e9rie : r\u00e9flexions autour d\u2019une approche multi-acteurs \u00bb. Le s\u00e9minaire a vu la participation de partenaires du projet NATAE mais aussi des professionnels de l\u2019agro\u00e9cologie (agriculteurs, r\u00e9seaux et organisations), des repr\u00e9sentants de l\u2019administration agricole, de l\u2019enseignement sup\u00e9rieur, des chercheurs et des agents de d\u00e9veloppement ainsi que des repr\u00e9sentants des m\u00e9dias.<\/p>\t\t\t\t\t\t\t\t<\/div>\n\t\t\t\t<\/div>\n\t\t\t\t<\/div>\n\t\t\t\t\t<\/div>\n\t\t\t\t<\/div>\n\t\t<div class=\"aux-parallax-section elementor-element elementor-element-d73634c e-flex e-con-boxed e-con e-parent\" data-id=\"d73634c\" data-element_type=\"container\" data-e-type=\"container\">\n\t\t\t\t\t<div class=\"e-con-inner\">\n\t\t<div class=\"elementor-element elementor-element-3fea536 e-con-full e-flex e-con e-child\" data-id=\"3fea536\" data-element_type=\"container\" data-e-type=\"container\">\n\t\t\t\t<div class=\"elementor-element elementor-element-b22bf07 elementor-widget elementor-widget-image\" data-id=\"b22bf07\" data-element_type=\"widget\" data-e-type=\"widget\" data-widget_type=\"image.default\">\n\t\t\t\t<div class=\"elementor-widget-container\">\n\t\t\t\t\t\t\t\t\t\t\t\t\t\t\t<img decoding=\"async\" width=\"1197\" height=\"807\" src=\"https:\/\/www.medae-agroecology.eu\/wp-content\/uploads\/2025\/07\/Picture2_report_v2.png\" class=\"attachment-full size-full wp-image-2298\" alt=\"\" srcset=\"https:\/\/www.medae-agroecology.eu\/wp-content\/uploads\/2025\/07\/Picture2_report_v2.png 1197w, https:\/\/www.medae-agroecology.eu\/wp-content\/uploads\/2025\/07\/Picture2_report_v2-18x12.png 18w\" sizes=\"(max-width: 1197px) 100vw, 1197px\" \/>\t\t\t\t\t\t\t\t\t\t\t\t\t\t\t<\/div>\n\t\t\t\t<\/div>\n\t\t\t\t<\/div>\n\t\t\t\t\t<\/div>\n\t\t\t\t<\/div>\n\t\t<div class=\"aux-parallax-section elementor-element elementor-element-5bc050f e-flex e-con-boxed e-con e-parent\" data-id=\"5bc050f\" data-element_type=\"container\" data-e-type=\"container\">\n\t\t\t\t\t<div class=\"e-con-inner\">\n\t\t<div class=\"elementor-element elementor-element-8166046 e-con-full e-flex e-con e-child\" data-id=\"8166046\" data-element_type=\"container\" data-e-type=\"container\">\n\t\t\t\t<div class=\"elementor-element elementor-element-804033d elementor-widget elementor-widget-text-editor\" data-id=\"804033d\" data-element_type=\"widget\" data-e-type=\"widget\" data-widget_type=\"text-editor.default\">\n\t\t\t\t<div class=\"elementor-widget-container\">\n\t\t\t\t\t\t\t\t\t<p>Le s\u00e9minaire a \u00e9t\u00e9 s\u00e9quenc\u00e9 en trois sessions. La premi\u00e8re traite de l\u2019agro\u00e9cologie dans diff\u00e9rents agrosyst\u00e8mes de l\u2019Afrique du Nord, la deuxi\u00e8me est consacr\u00e9e au t\u00e9moignage d\u2019un panel de professionnels en agro\u00e9cologie (agriculteurs, r\u00e9seaux et associations) et la troisi\u00e8me aux politiques et programmes pour la transition agro\u00e9cologique.<\/p>\t\t\t\t\t\t\t\t<\/div>\n\t\t\t\t<\/div>\n\t\t\t\t<div class=\"elementor-element elementor-element-0ffd3e1 elementor-widget-divider--view-line elementor-widget elementor-widget-divider\" data-id=\"0ffd3e1\" data-element_type=\"widget\" data-e-type=\"widget\" data-widget_type=\"divider.default\">\n\t\t\t\t<div class=\"elementor-widget-container\">\n\t\t\t\t\t\t\t<div class=\"elementor-divider\">\n\t\t\t<span class=\"elementor-divider-separator\">\n\t\t\t\t\t\t<\/span>\n\t\t<\/div>\n\t\t\t\t\t\t<\/div>\n\t\t\t\t<\/div>\n\t\t\t\t<\/div>\n\t\t\t\t\t<\/div>\n\t\t\t\t<\/div>\n\t\t<div class=\"aux-parallax-section elementor-element elementor-element-8359ae1 e-flex e-con-boxed e-con e-parent\" data-id=\"8359ae1\" data-element_type=\"container\" data-e-type=\"container\">\n\t\t\t\t\t<div class=\"e-con-inner\">\n\t\t<div class=\"elementor-element elementor-element-1e43353 e-con-full e-flex e-con e-child\" data-id=\"1e43353\" data-element_type=\"container\" data-e-type=\"container\">\n\t\t\t\t<div class=\"elementor-element elementor-element-dcb6838 elementor-widget elementor-widget-heading\" data-id=\"dcb6838\" data-element_type=\"widget\" data-e-type=\"widget\" data-widget_type=\"heading.default\">\n\t\t\t\t<div class=\"elementor-widget-container\">\n\t\t\t\t\t<h5 class=\"elementor-heading-title elementor-size-default\">Session 1 : L\u2019agro\u00e9cologie dans diff\u00e9rents agrosyst\u00e8mes de l\u2019Afrique du Nord<\/h5>\t\t\t\t<\/div>\n\t\t\t\t<\/div>\n\t\t\t\t<div class=\"elementor-element elementor-element-cbd4981 elementor-widget elementor-widget-text-editor\" data-id=\"cbd4981\" data-element_type=\"widget\" data-e-type=\"widget\" data-widget_type=\"text-editor.default\">\n\t\t\t\t<div class=\"elementor-widget-container\">\n\t\t\t\t\t\t\t\t\t<p>Cette session, anim\u00e9e par Amel Bouzid, directrice de la division agriculture, territoire et environnement au CREAD, a \u00e9t\u00e9 d\u00e9di\u00e9e \u00e0 des communications qui abordent l\u2019agro\u00e9cologie dans la r\u00e9gion Afrique du nord \u00e0 travers le prisme du projet NATAE. M\u00e9lanie Requiers-Desjardins a pr\u00e9sent\u00e9 le projet qui est consacr\u00e9 \u00e0 la transition agro\u00e9cologique en Afrique du Nord. Ce projet s\u2019appuie sur l\u2019outil des living lab d\u00e9ploy\u00e9s sur 7 sites en Afrique du nord (Alg\u00e9rie, Maroc, Tunisie, Egypte et Mauritanie), sur quatre types d\u2019agrosyst\u00e8mes : oasien, montagneux, c\u00e9r\u00e9aliers et p\u00e9riurbains et cinq replicants lab dans des localit\u00e9s avec les m\u00eames agrosyst\u00e8mes. L\u2019approche multi-acteurs et l\u2019approche participative ont \u00e9t\u00e9 adopt\u00e9es pour le diagnostic territorial, les exp\u00e9rimentations de pratiques agro\u00e9cologiques et l\u2019\u00e9laboration de sc\u00e9narios de transition agro\u00e9cologique. Des r\u00e9sultats encourageants commencent \u00e0 \u00eatre perceptibles par rapport \u00e0 l\u2019adoption des pratiques agro\u00e9cologiques et sur l\u2019existence d\u2019\u00e9cosyst\u00e8mes locaux capables de porter cette forme d\u2019agriculture qui est capable de garantir la pr\u00e9servation des ressources naturelles, de la biodiversit\u00e9 et de la sant\u00e9 humaine.<\/p><p>Le r\u00e9seau multi-acteurs sur l\u2019agro\u00e9cologie en M\u00e9diterran\u00e9e (MEDAE) cr\u00e9\u00e9 dans le cadre du projet NATAE a \u00e9t\u00e9 pr\u00e9sent\u00e9 par Rita Jalkh, membre de l\u2019executive board du projet. Ce r\u00e9seau vise \u00e0 cr\u00e9er une communaut\u00e9 de connaissances et de renforcement des capacit\u00e9s et \u00e0 poursuivre les \u00e9changes et les collaborations au-del\u00e0 et apr\u00e8s le projet NATAE. La pr\u00e9sence d\u2019organisations de l\u2019\u00e9cosyst\u00e8me de l\u2019agro\u00e9cologie visait \u00e0 susciter leur int\u00e9r\u00eat pour int\u00e9grer le r\u00e9seau.<\/p><p>Les premiers r\u00e9sultats du projet NATAE sont illustr\u00e9s dans les pr\u00e9sentations suivantes. Celle de Karima Boudedja, chercheur au CREAD et leader du living lab de Tizi-Ouzou, en Alg\u00e9rie, pour l\u2019agrosyst\u00e8me montagneux, a abord\u00e9 la concr\u00e9tisation de la m\u00e9thodologie et a abouti \u00e0 l\u2019\u00e9laboration de sc\u00e9narios de transition agro\u00e9cologiques qui ont int\u00e9gr\u00e9 les pratiques agro\u00e9cologiques exp\u00e9riment\u00e9es, dans le cadre du projet, mais aussi des aspects de gouvernance et de structuration des chaines de valeurs :  la facilitation de l\u2019acc\u00e8s aux ressources notamment la terre, le renforcement des comp\u00e9tences par le biais de la formation et l\u2019organisation des agriculteurs et agricultrices par le biais de la cr\u00e9ation de coop\u00e9ratives.  Souad Benmoussa, experte au living lab de Laghouat, en Alg\u00e9rie, domin\u00e9 par l\u2019agrosyst\u00e8me oasien et p\u00e9ri-oasien a signal\u00e9 le d\u00e9clin et la surexploitation des eaux souterraines dans le syst\u00e8me oasien et la faible productivit\u00e9 et d\u00e9pendance aux intrants du syst\u00e8me p\u00e9ri-oasien. Des strat\u00e9gies sont mises en place dans le cadre du projet pour, aussi bien limiter les effets climatiques, que ceux de l\u2019agriculture intensive et pour la pr\u00e9servation des ressources naturelles (sol et eau). L\u2019agrosyst\u00e8me c\u00e9r\u00e9alier est sans doute d\u2019une importante strat\u00e9gique pour les pays de l\u2019Afrique du Nord. Le living Lab de Siliana en Tunsie a fait l\u2019objet de la pr\u00e9sentation de Mehdi Benmimoune, enseignant chercheur \u00e0 l\u2019INAT et membre de l\u2019Executive board du projet NATAE. La d\u00e9gradation des sols en raison des labours profonds, du morcellement des terres et de la monoculture, ont \u00e9t\u00e9 identifi\u00e9s comme des probl\u00e8mes \u00e0 redresser au cours du diagnostic territorial. Des combinaisons de pratiques agro\u00e9cologiques : z\u00e9ro labour, association de cultures, rotations, ont \u00e9t\u00e9 test\u00e9es chez des agriculteurs et commencent \u00e0 \u00eatre adopt\u00e9s par les agriculteurs du territoire.<\/p><p>Apr\u00e8s les pr\u00e9sentations, le d\u00e9bat a \u00e9t\u00e9 tr\u00e8s riche et les questions ont concern\u00e9 les outils m\u00e9thodologiques utilis\u00e9es dans le projet et auquelles M\u00e9lanie Requier-Desjardins a apport\u00e9 des \u00e9claircissements quant \u00e0 leur adaptation aux contextes locaux des living lab. Les autres intervenants ont profit\u00e9 du d\u00e9bat pour s\u2019\u00e9taler plus sur l\u2019identification des combinaisons de pratiques agro\u00e9cologiques test\u00e9es et les macanismes mis en place pour assurer la diffusion et la durabilit\u00e9 de ces pratiques.<\/p>\t\t\t\t\t\t\t\t<\/div>\n\t\t\t\t<\/div>\n\t\t\t\t<div class=\"elementor-element elementor-element-e5040b1 elementor-arrows-position-inside elementor-pagination-position-outside elementor-widget elementor-widget-image-carousel\" data-id=\"e5040b1\" data-element_type=\"widget\" data-e-type=\"widget\" data-settings=\"{&quot;navigation&quot;:&quot;both&quot;,&quot;autoplay&quot;:&quot;yes&quot;,&quot;pause_on_hover&quot;:&quot;yes&quot;,&quot;pause_on_interaction&quot;:&quot;yes&quot;,&quot;autoplay_speed&quot;:5000,&quot;infinite&quot;:&quot;yes&quot;,&quot;speed&quot;:500}\" data-widget_type=\"image-carousel.default\">\n\t\t\t\t<div class=\"elementor-widget-container\">\n\t\t\t\t\t\t\t<div class=\"elementor-image-carousel-wrapper swiper\" role=\"region\" aria-roledescription=\"carousel\" aria-label=\"Carrousel d&#039;images\" dir=\"ltr\">\n\t\t\t<div class=\"elementor-image-carousel swiper-wrapper swiper-image-stretch\" aria-live=\"off\">\n\t\t\t\t\t\t\t\t<div class=\"swiper-slide\" role=\"group\" aria-roledescription=\"slide\" aria-label=\"1 sur 4\"><figure class=\"swiper-slide-inner\"><img decoding=\"async\" class=\"swiper-slide-image\" src=\"https:\/\/www.medae-agroecology.eu\/wp-content\/uploads\/2025\/07\/Picture5-768x768.jpg\" alt=\"Picture5\" \/><\/figure><\/div><div class=\"swiper-slide\" role=\"group\" aria-roledescription=\"slide\" aria-label=\"2 sur 4\"><figure class=\"swiper-slide-inner\"><img decoding=\"async\" class=\"swiper-slide-image\" src=\"https:\/\/www.medae-agroecology.eu\/wp-content\/uploads\/2025\/07\/Picture4.png\" alt=\"Picture4\" \/><\/figure><\/div><div class=\"swiper-slide\" role=\"group\" aria-roledescription=\"slide\" aria-label=\"3 sur 4\"><figure class=\"swiper-slide-inner\"><img decoding=\"async\" class=\"swiper-slide-image\" src=\"https:\/\/www.medae-agroecology.eu\/wp-content\/uploads\/2025\/07\/Picture6-768x768.jpg\" alt=\"Picture6\" \/><\/figure><\/div><div class=\"swiper-slide\" role=\"group\" aria-roledescription=\"slide\" aria-label=\"4 sur 4\"><figure class=\"swiper-slide-inner\"><img decoding=\"async\" class=\"swiper-slide-image\" src=\"https:\/\/www.medae-agroecology.eu\/wp-content\/uploads\/2025\/07\/Picture3.png\" alt=\"Picture3\" \/><\/figure><\/div>\t\t\t<\/div>\n\t\t\t\t\t\t\t\t\t\t\t\t<div class=\"elementor-swiper-button elementor-swiper-button-prev\" role=\"button\" tabindex=\"0\">\n\t\t\t\t\t\t<i aria-hidden=\"true\" class=\"eicon-chevron-left\"><\/i>\t\t\t\t\t<\/div>\n\t\t\t\t\t<div class=\"elementor-swiper-button elementor-swiper-button-next\" role=\"button\" tabindex=\"0\">\n\t\t\t\t\t\t<i aria-hidden=\"true\" class=\"eicon-chevron-right\"><\/i>\t\t\t\t\t<\/div>\n\t\t\t\t\n\t\t\t\t\t\t\t\t\t<div class=\"swiper-pagination\"><\/div>\n\t\t\t\t\t\t\t\t\t<\/div>\n\t\t\t\t\t\t<\/div>\n\t\t\t\t<\/div>\n\t\t\t\t<\/div>\n\t\t\t\t\t<\/div>\n\t\t\t\t<\/div>\n\t\t<div class=\"aux-parallax-section elementor-element elementor-element-f62bd4f e-flex e-con-boxed e-con e-parent\" data-id=\"f62bd4f\" data-element_type=\"container\" data-e-type=\"container\">\n\t\t\t\t\t<div class=\"e-con-inner\">\n\t\t<div class=\"elementor-element elementor-element-e7143f0 e-con-full e-flex e-con e-child\" data-id=\"e7143f0\" data-element_type=\"container\" data-e-type=\"container\">\n\t\t\t\t<div class=\"elementor-element elementor-element-a3366fa elementor-widget-divider--view-line elementor-widget elementor-widget-divider\" data-id=\"a3366fa\" data-element_type=\"widget\" data-e-type=\"widget\" data-widget_type=\"divider.default\">\n\t\t\t\t<div class=\"elementor-widget-container\">\n\t\t\t\t\t\t\t<div class=\"elementor-divider\">\n\t\t\t<span class=\"elementor-divider-separator\">\n\t\t\t\t\t\t<\/span>\n\t\t<\/div>\n\t\t\t\t\t\t<\/div>\n\t\t\t\t<\/div>\n\t\t\t\t<div class=\"elementor-element elementor-element-628fe84 elementor-widget elementor-widget-heading\" data-id=\"628fe84\" data-element_type=\"widget\" data-e-type=\"widget\" data-widget_type=\"heading.default\">\n\t\t\t\t<div class=\"elementor-widget-container\">\n\t\t\t\t\t<h5 class=\"elementor-heading-title elementor-size-default\">Session 2 : Le panel de professionnels en agro\u00e9cologie<\/h5>\t\t\t\t<\/div>\n\t\t\t\t<\/div>\n\t\t\t\t<div class=\"elementor-element elementor-element-d645b62 elementor-widget elementor-widget-text-editor\" data-id=\"d645b62\" data-element_type=\"widget\" data-e-type=\"widget\" data-widget_type=\"text-editor.default\">\n\t\t\t\t<div class=\"elementor-widget-container\">\n\t\t\t\t\t\t\t\t\t<p>Aissa Belhadi, chercheur au CREAD, a anim\u00e9 cette session. Les pan\u00e9listes ont partag\u00e9 leurs diverses exp\u00e9riences avec l'agro\u00e9cologie. Certains ont d\u00e9couvert l'agro\u00e9cologie en adoptant des m\u00e9thodes de production qui pr\u00e9servent la sant\u00e9 des consommateurs. C'est le cas de la <em>Torba<\/em> \u00e0 Alger, l'association <em>Tarwa Iakourene<\/em> \u00e0 Yakourene, Tizi Ouzou, et l'association des <em>El Argoub<\/em> \u00e0 Laghouat. D'autres, comme les agriculteurs tunisiens Im\u00e8ne Chebli et Anouar Boubakri, ont h\u00e9rit\u00e9 de ce mode de production. Im\u00e8ne Chebli attribue aux conseils de sa grand-m\u00e8re son immersion dans les pratiques agro\u00e9cologiques. Anouar Boubakri a appris directement par l'exp\u00e9rience, en grandissant dans une famille d'agriculteurs et d'\u00e9leveurs. L'agriculteur tunisien Amin Ben Abdallah est l'exemple m\u00eame de quelqu'un qui a choisi l'agro\u00e9cologie comme mode de production.  Il s'est engag\u00e9 dans cette voie d\u00e8s le d\u00e9but de sa carri\u00e8re agricole. Il s'est impr\u00e9gn\u00e9 des principes de l'agro\u00e9cologie, d\u00e9montrant ainsi son engagement pour ce mode de production. Il a contribu\u00e9 \u00e0 la cr\u00e9ation du R\u00e9seau tunisien pour la transition agro\u00e9cologique (RTTA). Un autre t\u00e9moignage est celui d'un agriculteur et ancien cadre du secteur agricole \u00e0 S\u00e9tif, \u00e0 350 km \u00e0 l'est d'Alger. Dans son t\u00e9moignage, il explique que l'id\u00e9e lui est venue. Lors d'un voyage en Tunisie, il a d\u00e9couvert l'agriculture sans labour et ses rendements sup\u00e9rieurs \u00e0 ceux de l'agriculture conventionnelle. Apr\u00e8s avoir test\u00e9 le semis direct sur ses propres terres, il est devenu un fervent d\u00e9fenseur de cette pratique et fait tout son possible pour convaincre les autres, m\u00eame s'il reconna\u00eet que l'adoption de cette m\u00e9thode est mitig\u00e9e.<\/p><p><img decoding=\"async\" class=\"alignnone wp-image-5342 size-full\" src=\"https:\/\/www.natae-agroecology.eu\/wp-content\/uploads\/2025\/07\/Picture7-e1752586643630.jpg\" alt=\"\" width=\"1367\" height=\"668\" \/>Enfin, il ressort des exp\u00e9riences des diff\u00e9rents membres du panel que le r\u00f4le du mouvement associatif est crucial dans la diffusion des pratiques agro\u00e9cologiques.<\/p><p>Malgr\u00e9 quelques contraintes soulev\u00e9es par les membres du panel notamment les difficult\u00e9s d\u2019acc\u00e8s \u00e0 la terre (surtout pour les femmes) ; l\u2019absence de certification (label); la difficult\u00e9 de g\u00e9rer la flore adventice ; la r\u00e8glementation qui peut \u00eatre contraignante surtout dans le cas de la multiplication des semences paysannes ; le manque de mat\u00e9riel agricole ad\u00e9quat, les membres du panel sont optimistes en raison de la demande croissante des produits agro\u00e9cologiques et l\u2019int\u00e9r\u00eat de diff\u00e9rents partenaires : chercheurs, administrateurs, techniciens \u00e0 cette forme d\u2019agriculture.<\/p>\t\t\t\t\t\t\t\t<\/div>\n\t\t\t\t<\/div>\n\t\t\t\t<\/div>\n\t\t\t\t\t<\/div>\n\t\t\t\t<\/div>\n\t\t<div class=\"aux-parallax-section elementor-element elementor-element-642835a e-flex e-con-boxed e-con e-parent\" data-id=\"642835a\" data-element_type=\"container\" data-e-type=\"container\">\n\t\t\t\t\t<div class=\"e-con-inner\">\n\t\t<div class=\"elementor-element elementor-element-bb73962 e-con-full e-flex e-con e-child\" data-id=\"bb73962\" data-element_type=\"container\" data-e-type=\"container\">\n\t\t\t\t<div class=\"elementor-element elementor-element-fac63d1 elementor-widget-divider--view-line elementor-widget elementor-widget-divider\" data-id=\"fac63d1\" data-element_type=\"widget\" data-e-type=\"widget\" data-widget_type=\"divider.default\">\n\t\t\t\t<div class=\"elementor-widget-container\">\n\t\t\t\t\t\t\t<div class=\"elementor-divider\">\n\t\t\t<span class=\"elementor-divider-separator\">\n\t\t\t\t\t\t<\/span>\n\t\t<\/div>\n\t\t\t\t\t\t<\/div>\n\t\t\t\t<\/div>\n\t\t\t\t<div class=\"elementor-element elementor-element-c8ce5d1 elementor-widget elementor-widget-heading\" data-id=\"c8ce5d1\" data-element_type=\"widget\" data-e-type=\"widget\" data-widget_type=\"heading.default\">\n\t\t\t\t<div class=\"elementor-widget-container\">\n\t\t\t\t\t<h5 class=\"elementor-heading-title elementor-size-default\">Session 3 : Politiques et programmes pour la transition agro\u00e9cologique<\/h5>\t\t\t\t<\/div>\n\t\t\t\t<\/div>\n\t\t\t\t<div class=\"elementor-element elementor-element-c037efe elementor-widget elementor-widget-text-editor\" data-id=\"c037efe\" data-element_type=\"widget\" data-e-type=\"widget\" data-widget_type=\"text-editor.default\">\n\t\t\t\t<div class=\"elementor-widget-container\">\n\t\t\t\t\t\t\t\t\t<p>Cette session, anim\u00e9e par Amine Oulmane, chercheur au CREAD, a \u00e9t\u00e9 consacr\u00e9e aux politiques et programmes de d\u00e9veloppement des formes de l\u2019agriculture alternatives pour la lutte contre le changement climatique en Alg\u00e9rie : agriculture biologique, agriculture de conservation et agro\u00e9cologie, y compris les efforts d\u00e9ploy\u00e9s en termes de formation et renforcement des comp\u00e9tences, mais aussi de conseil agricole.<\/p><p>La premi\u00e8re communication a \u00e9t\u00e9 pr\u00e9sent\u00e9e par Naima Bouras, sous directrice de l\u2019agriculture biologique et de la labellisation au Minist\u00e8re de l\u2019agriculture, du d\u00e9veloppement rural et de la p\u00eache. Elle a mis en exergue les programmes dont les objectifs s\u2019accordent avec les principes de l\u2019agro\u00e9cologie, sans pour autant qu\u2019il y ait un programme clairement d\u00e9clar\u00e9 comme tel. La pr\u00e9servation des ressources eau et sol est clairement prioritaires et se concr\u00e9tise par le programme de promotion des dispositifs d\u2019irrigation \u00e9conome en eau et le programme du barrage vert contre la d\u00e9sertification et la conservation des sols. Alors que la pr\u00e9servation du patrimoine g\u00e9n\u00e9tique et des semences locales fait partie des objectifs du programme de labellisation et de diff\u00e9renciation des produits. La deuxi\u00e8me communication assur\u00e9e par Lydia Chaou de l\u2019Institut Technique des Grandes Cultures (ITGC) a \u00e9t\u00e9 d\u00e9di\u00e9e au programme de l\u2019institut pour pallier aux effets des changements climatiques de la production c\u00e9r\u00e9ali\u00e8re notamment l\u2019aridit\u00e9. L\u2019institut travaille sur les vari\u00e9t\u00e9s de semences adapt\u00e9es aux diff\u00e9rentes zones agro\u00e9cologiques et des pratiques qui limitent la d\u00e9gradation des sols et l\u2019utilisation des engrais chimiques. Le dispositif de conseil agricole public int\u00e8gre les th\u00e9matiques des formes d\u2019agriculture alternative dans   les programmes des institutions publiques de conseil agricole. Mohamed Abdelmoutaleb, directeur adjoint de l\u2019Institut National de la Vulgarisation Agricole (INVA) a pr\u00e9sent\u00e9 les canaux et moyens d\u00e9ploy\u00e9s (programmes radiophoniques, s\u00e9ances de d\u00e9monstration, formations des agriculteurs) pour diffuser des th\u00e9matiques en coh\u00e9rence avec les programmes pr\u00e9sent\u00e9s par Naima Bouras. La conclusion tir\u00e9e est qu\u2019une marge de progression reste possible et que les programmes de recherche comme le projet NATAE peuvent constituer une source de r\u00e9sultats \u00e0 diffuser en termes de pratiques et principes de l\u2019agro\u00e9cologie. Le m\u00eame constat peut \u00eatre fait pour la formation agricole. Brahim Bouchareb a pr\u00e9sent\u00e9 l\u2019int\u00e9gration de l\u2019agro\u00e9cologie dans les programmes de formation de l\u2019enseignement sup\u00e9rieur et professionnel en agriculture. M\u00eame si celle-ci \u00e9volue, l\u00e0 \u00e9galement une progression est possible et la coop\u00e9ration internationale peut jouer un r\u00f4le, gr\u00e2ce aux projets de recherche et les projets de d\u00e9veloppement pour combler le retard dans ce domaine.<\/p>\t\t\t\t\t\t\t\t<\/div>\n\t\t\t\t<\/div>\n\t\t\t\t<\/div>\n\t\t\t\t\t<\/div>\n\t\t\t\t<\/div>\n\t\t<div class=\"aux-parallax-section elementor-element elementor-element-ec4a25c e-flex e-con-boxed e-con e-parent\" data-id=\"ec4a25c\" data-element_type=\"container\" data-e-type=\"container\">\n\t\t\t\t\t<div class=\"e-con-inner\">\n\t\t<div class=\"elementor-element elementor-element-d19c0d2 e-con-full e-flex e-con e-child\" data-id=\"d19c0d2\" data-element_type=\"container\" data-e-type=\"container\">\n\t\t<div class=\"elementor-element elementor-element-f95d830 e-con-full e-flex e-con e-child\" data-id=\"f95d830\" data-element_type=\"container\" data-e-type=\"container\">\n\t\t\t\t<div class=\"elementor-element elementor-element-aacdcf0 elementor-widget elementor-widget-image\" data-id=\"aacdcf0\" data-element_type=\"widget\" data-e-type=\"widget\" data-widget_type=\"image.default\">\n\t\t\t\t<div class=\"elementor-widget-container\">\n\t\t\t\t\t\t\t\t\t\t\t\t\t\t\t<img loading=\"lazy\" decoding=\"async\" width=\"1354\" height=\"1032\" src=\"https:\/\/www.medae-agroecology.eu\/wp-content\/uploads\/2025\/07\/Picture9-e1752589286876.jpg\" class=\"attachment-full size-full wp-image-2263\" alt=\"\" srcset=\"https:\/\/www.medae-agroecology.eu\/wp-content\/uploads\/2025\/07\/Picture9-e1752589286876.jpg 1354w, https:\/\/www.medae-agroecology.eu\/wp-content\/uploads\/2025\/07\/Picture9-e1752589286876-16x12.jpg 16w\" sizes=\"(max-width: 1354px) 100vw, 1354px\" \/>\t\t\t\t\t\t\t\t\t\t\t\t\t\t\t<\/div>\n\t\t\t\t<\/div>\n\t\t\t\t<\/div>\n\t\t<div class=\"elementor-element elementor-element-e716556 e-con-full e-flex e-con e-child\" data-id=\"e716556\" data-element_type=\"container\" data-e-type=\"container\">\n\t\t\t\t<div class=\"elementor-element elementor-element-9956fda elementor-widget elementor-widget-image\" data-id=\"9956fda\" data-element_type=\"widget\" data-e-type=\"widget\" data-widget_type=\"image.default\">\n\t\t\t\t<div class=\"elementor-widget-container\">\n\t\t\t\t\t\t\t\t\t\t\t\t\t\t\t<img loading=\"lazy\" decoding=\"async\" width=\"1354\" height=\"1032\" src=\"https:\/\/www.medae-agroecology.eu\/wp-content\/uploads\/2025\/07\/Picture8-e1752589545194.jpg\" class=\"attachment-full size-full wp-image-2262\" alt=\"\" srcset=\"https:\/\/www.medae-agroecology.eu\/wp-content\/uploads\/2025\/07\/Picture8-e1752589545194.jpg 1354w, https:\/\/www.medae-agroecology.eu\/wp-content\/uploads\/2025\/07\/Picture8-e1752589545194-16x12.jpg 16w\" sizes=\"(max-width: 1354px) 100vw, 1354px\" \/>\t\t\t\t\t\t\t\t\t\t\t\t\t\t\t<\/div>\n\t\t\t\t<\/div>\n\t\t\t\t<\/div>\n\t\t\t\t<\/div>\n\t\t\t\t\t<\/div>\n\t\t\t\t<\/div>\n\t\t<div class=\"aux-parallax-section elementor-element elementor-element-f775320 e-flex e-con-boxed e-con e-parent\" data-id=\"f775320\" data-element_type=\"container\" data-e-type=\"container\">\n\t\t\t\t\t<div class=\"e-con-inner\">\n\t\t<div class=\"elementor-element elementor-element-0df7828 e-con-full e-flex e-con e-child\" data-id=\"0df7828\" data-element_type=\"container\" data-e-type=\"container\">\n\t\t\t\t<div class=\"elementor-element elementor-element-f8367c9 elementor-widget elementor-widget-text-editor\" data-id=\"f8367c9\" data-element_type=\"widget\" data-e-type=\"widget\" data-widget_type=\"text-editor.default\">\n\t\t\t\t<div class=\"elementor-widget-container\">\n\t\t\t\t\t\t\t\t\t<p>Le d\u00e9bat a permis d\u2019apporter plus de pr\u00e9cision sur les programmes abord\u00e9s et sur la n\u00e9cessit\u00e9 de coordonner les efforts des acteurs, et donc l\u2019adoption d\u2019une approche multi-acteurs, pour permettre la mise en \u0153uvre efficace et durable de l\u2019agro\u00e9cologie, selon les solutions adapt\u00e9es aux agrosyst\u00e8mes et aux contextes locaux.<\/p>\t\t\t\t\t\t\t\t<\/div>\n\t\t\t\t<\/div>\n\t\t\t\t<\/div>\n\t\t\t\t\t<\/div>\n\t\t\t\t<\/div>\n\t\t\t\t<\/div>","protected":false},"excerpt":{"rendered":"<p>Agroecological transition in the different ecosystems to address climate change in Algeria: reflections on a multi-stakeholder approach Algiers, 29 June 2025 The Centre for Research in Applied Economics for Development (CREAD) and the Multi-Stakeholder Network of Agroecology in the Mediterranean (MEDAE) organised a seminar on &#8220;Agroecological transition in different ecosystems to address climate change in [&hellip;]<\/p>\n","protected":false},"author":1,"featured_media":2364,"comment_status":"closed","ping_status":"closed","sticky":false,"template":"","format":"standard","meta":{"footnotes":""},"categories":[40],"tags":[37],"class_list":["post-2251","post","type-post","status-publish","format-standard","has-post-thumbnail","hentry","category-news","tag-webinars"],"_links":{"self":[{"href":"https:\/\/www.medae-agroecology.eu\/fr\/wp-json\/wp\/v2\/posts\/2251","targetHints":{"allow":["GET"]}}],"collection":[{"href":"https:\/\/www.medae-agroecology.eu\/fr\/wp-json\/wp\/v2\/posts"}],"about":[{"href":"https:\/\/www.medae-agroecology.eu\/fr\/wp-json\/wp\/v2\/types\/post"}],"author":[{"embeddable":true,"href":"https:\/\/www.medae-agroecology.eu\/fr\/wp-json\/wp\/v2\/users\/1"}],"replies":[{"embeddable":true,"href":"https:\/\/www.medae-agroecology.eu\/fr\/wp-json\/wp\/v2\/comments?post=2251"}],"version-history":[{"count":49,"href":"https:\/\/www.medae-agroecology.eu\/fr\/wp-json\/wp\/v2\/posts\/2251\/revisions"}],"predecessor-version":[{"id":2370,"href":"https:\/\/www.medae-agroecology.eu\/fr\/wp-json\/wp\/v2\/posts\/2251\/revisions\/2370"}],"wp:featuredmedia":[{"embeddable":true,"href":"https:\/\/www.medae-agroecology.eu\/fr\/wp-json\/wp\/v2\/media\/2364"}],"wp:attachment":[{"href":"https:\/\/www.medae-agroecology.eu\/fr\/wp-json\/wp\/v2\/media?parent=2251"}],"wp:term":[{"taxonomy":"category","embeddable":true,"href":"https:\/\/www.medae-agroecology.eu\/fr\/wp-json\/wp\/v2\/categories?post=2251"},{"taxonomy":"post_tag","embeddable":true,"href":"https:\/\/www.medae-agroecology.eu\/fr\/wp-json\/wp\/v2\/tags?post=2251"}],"curies":[{"name":"wp","href":"https:\/\/api.w.org\/{rel}","templated":true}]}}