{"id":2229,"date":"2025-07-01T08:50:13","date_gmt":"2025-07-01T08:50:13","guid":{"rendered":"https:\/\/www.medae-agroecology.eu\/?p=2229"},"modified":"2025-11-28T17:39:52","modified_gmt":"2025-11-28T17:39:52","slug":"from-june-17-to-july-20-2025-take-part-in-the-survey-on-measures-to-address-the-risk-of-drought-launched-by-cari","status":"publish","type":"post","link":"https:\/\/www.medae-agroecology.eu\/fr\/2025\/07\/01\/from-june-17-to-july-20-2025-take-part-in-the-survey-on-measures-to-address-the-risk-of-drought-launched-by-cari\/","title":{"rendered":"Du 17 juin au 20 juillet 2025, participez \u00e0 l\u2019enqu\u00eate sur les \u00ab\u202fDispositifs pour faire face au risque de s\u00e9cheresse\u202f\u00bb lanc\u00e9e par le CARI !"},"content":{"rendered":"<div data-elementor-type=\"wp-post\" data-elementor-id=\"2229\" class=\"elementor elementor-2229\">\n\t\t\t\t<div class=\"aux-parallax-section elementor-element elementor-element-efac2b3 e-flex e-con-boxed e-con e-parent\" data-id=\"efac2b3\" data-element_type=\"container\" data-e-type=\"container\">\n\t\t\t\t\t<div class=\"e-con-inner\">\n\t\t\t\t<div class=\"elementor-element elementor-element-a68f5e1 elementor-widget elementor-widget-image\" data-id=\"a68f5e1\" data-element_type=\"widget\" data-e-type=\"widget\" data-widget_type=\"image.default\">\n\t\t\t\t<div class=\"elementor-widget-container\">\n\t\t\t\t\t\t\t\t\t\t\t\t\t\t\t<img fetchpriority=\"high\" decoding=\"async\" width=\"351\" height=\"353\" src=\"https:\/\/www.medae-agroecology.eu\/wp-content\/uploads\/2025\/07\/Picture1_desertif_v2.jpg\" class=\"attachment-large size-large wp-image-2353\" alt=\"\" srcset=\"https:\/\/www.medae-agroecology.eu\/wp-content\/uploads\/2025\/07\/Picture1_desertif_v2.jpg 351w, https:\/\/www.medae-agroecology.eu\/wp-content\/uploads\/2025\/07\/Picture1_desertif_v2-150x150.jpg 150w, https:\/\/www.medae-agroecology.eu\/wp-content\/uploads\/2025\/07\/Picture1_desertif_v2-12x12.jpg 12w\" sizes=\"(max-width: 351px) 100vw, 351px\" \/>\t\t\t\t\t\t\t\t\t\t\t\t\t\t\t<\/div>\n\t\t\t\t<\/div>\n\t\t\t\t\t<\/div>\n\t\t\t\t<\/div>\n\t\t<div class=\"aux-parallax-section elementor-element elementor-element-73c1459 e-flex e-con-boxed e-con e-parent\" data-id=\"73c1459\" data-element_type=\"container\" data-e-type=\"container\">\n\t\t\t\t\t<div class=\"e-con-inner\">\n\t\t\t\t<div class=\"elementor-element elementor-element-2c39abb elementor-widget elementor-widget-text-editor\" data-id=\"2c39abb\" data-element_type=\"widget\" data-e-type=\"widget\" data-widget_type=\"text-editor.default\">\n\t\t\t\t<div class=\"elementor-widget-container\">\n\t\t\t\t\t\t\t\t\t<p>La pr\u00e9paration du <a href=\"https:\/\/desertif-actions.org\/\">Sommet International D\u00e9sertif\u2019actions 2026<\/a> continue\u202f! Apr\u00e8s le d\u00e9marrage des ateliers pr\u00e9paratoires dans de nombreux pays, le CARI profite de la Journ\u00e9e mondiale de lutte contre la d\u00e9sertification et la s\u00e9cheresse pour lancer une enqu\u00eate en ligne sur les questions de s\u00e9cheresse.<\/p><p>Avec cette enqu\u00eate en ligne, le CARI souhaite recueillir des informations sur les <strong>dispositifs<\/strong> <strong>(m\u00e9canismes<\/strong> et <strong>instruments)<\/strong> utilis\u00e9s pour faire face aux <strong>s\u00e9cheresses<\/strong>, <strong>avant<\/strong>, <strong>pendant<\/strong> et <strong>apr\u00e8s<\/strong> \u00e9pisodes. Ce questionnaire s\u2019adresse aux personnes ayant une exp\u00e9rience directe ou indirecte des <strong>s\u00e9cheresses<\/strong> dans un cadre professionnel, associatif, communautaire, institutionnel ou citoyen.<\/p><p>Vos r\u00e9ponses permettront de mieux comprendre les dispositifs existants et alimenteront directement les r\u00e9flexions et travaux de D\u00e9sertif\u2019actions 2026, en vue du plaidoyer port\u00e9 \u00e0 la COP17.  Elles contribueront \u00e0 identifier des priorit\u00e9s d\u2019action pour renforcer la r\u00e9silience des territoires face aux s\u00e9cheresses.<\/p>\t\t\t\t\t\t\t\t<\/div>\n\t\t\t\t<\/div>\n\t\t\t\t<div class=\"elementor-element elementor-element-c36c1d6 elementor-view-default elementor-position-block-start elementor-mobile-position-block-start elementor-widget elementor-widget-icon-box\" data-id=\"c36c1d6\" data-element_type=\"widget\" data-e-type=\"widget\" data-widget_type=\"icon-box.default\">\n\t\t\t\t<div class=\"elementor-widget-container\">\n\t\t\t\t\t\t\t<div class=\"elementor-icon-box-wrapper\">\n\n\t\t\t\t\t\t<div class=\"elementor-icon-box-icon\">\n\t\t\t\t<a href=\"https:\/\/framaforms.org\/dispositifs-pour-faire-face-au-risque-de-secheresse-1747924848\" class=\"elementor-icon\" tabindex=\"-1\" aria-label=\"Participez au questionnaire en ligne\">\n\t\t\t\t<i aria-hidden=\"true\" class=\"auxicon2 auxicon2-arrows-down-double-chevron\"><\/i>\t\t\t\t<\/a>\n\t\t\t<\/div>\n\t\t\t\n\t\t\t\t\t\t<div class=\"elementor-icon-box-content\">\n\n\t\t\t\t\t\t\t\t\t<h3 class=\"elementor-icon-box-title\">\n\t\t\t\t\t\t<a href=\"https:\/\/framaforms.org\/dispositifs-pour-faire-face-au-risque-de-secheresse-1747924848\" >\n\t\t\t\t\t\t\tParticipez au questionnaire en ligne\t\t\t\t\t\t<\/a>\n\t\t\t\t\t<\/h3>\n\t\t\t\t\n\t\t\t\t\n\t\t\t<\/div>\n\t\t\t\n\t\t<\/div>\n\t\t\t\t\t\t<\/div>\n\t\t\t\t<\/div>\n\t\t\t\t<div class=\"elementor-element elementor-element-4603179 elementor-view-default elementor-position-block-start elementor-mobile-position-block-start elementor-widget elementor-widget-icon-box\" data-id=\"4603179\" data-element_type=\"widget\" data-e-type=\"widget\" data-widget_type=\"icon-box.default\">\n\t\t\t\t<div class=\"elementor-widget-container\">\n\t\t\t\t\t\t\t<div class=\"elementor-icon-box-wrapper\">\n\n\t\t\t\t\t\t<div class=\"elementor-icon-box-icon\">\n\t\t\t\t<a href=\"https:\/\/framaforms.org\/dispositifs-pour-faire-face-au-risque-de-secheresse-1747924848\" class=\"elementor-icon\" tabindex=\"-1\">\n\t\t\t\t<i aria-hidden=\"true\" class=\"auxicon2 auxicon2-arrows-up-double-chevron\"><\/i>\t\t\t\t<\/a>\n\t\t\t<\/div>\n\t\t\t\n\t\t\t\n\t\t<\/div>\n\t\t\t\t\t\t<\/div>\n\t\t\t\t<\/div>\n\t\t\t\t<div class=\"elementor-element elementor-element-ce595df elementor-widget elementor-widget-text-editor\" data-id=\"ce595df\" data-element_type=\"widget\" data-e-type=\"widget\" data-widget_type=\"text-editor.default\">\n\t\t\t\t<div class=\"elementor-widget-container\">\n\t\t\t\t\t\t\t\t\t<p>Pour toute question relative au questionnaire, veuillez contacter le CARI \u00e0 l\u2019adresse suivante : <a href=\"mailto:contact@desertif-actions.org\">contact@desertif-actions.org<\/a><\/p>\t\t\t\t\t\t\t\t<\/div>\n\t\t\t\t<\/div>\n\t\t\t\t\t<\/div>\n\t\t\t\t<\/div>\n\t\t\t\t<section class=\"elementor-section elementor-top-section elementor-element elementor-element-64215d47 elementor-section-boxed elementor-section-height-default elementor-section-height-default\" data-id=\"64215d47\" data-element_type=\"section\" data-e-type=\"section\">\n\t\t\t\t\t\t<div class=\"elementor-container elementor-column-gap-default\">\n\t\t\t\t\t<div class=\"aux-parallax-section elementor-column elementor-col-100 elementor-top-column elementor-element elementor-element-4710242f\" data-id=\"4710242f\" data-element_type=\"column\" data-e-type=\"column\">\n\t\t\t<div class=\"elementor-widget-wrap\">\n\t\t\t\t\t\t\t<\/div>\n\t\t<\/div>\n\t\t\t\t\t<\/div>\n\t\t<\/section>\n\t\t\t\t<\/div>","protected":false},"excerpt":{"rendered":"<p>Preparations for the 2026 International Desert Action Summit are continuing! Following the launch of preparatory workshops in many countries, CARI is taking advantage of World Day to Combat Desertification and Drought to launch an online survey on drought issues. With this online survey, CARI aims to gather information on the measures (mechanisms and instruments) used [&hellip;]<\/p>\n","protected":false},"author":1,"featured_media":2353,"comment_status":"closed","ping_status":"closed","sticky":false,"template":"","format":"standard","meta":{"footnotes":""},"categories":[40],"tags":[37],"class_list":["post-2229","post","type-post","status-publish","format-standard","has-post-thumbnail","hentry","category-news","tag-webinars"],"_links":{"self":[{"href":"https:\/\/www.medae-agroecology.eu\/fr\/wp-json\/wp\/v2\/posts\/2229","targetHints":{"allow":["GET"]}}],"collection":[{"href":"https:\/\/www.medae-agroecology.eu\/fr\/wp-json\/wp\/v2\/posts"}],"about":[{"href":"https:\/\/www.medae-agroecology.eu\/fr\/wp-json\/wp\/v2\/types\/post"}],"author":[{"embeddable":true,"href":"https:\/\/www.medae-agroecology.eu\/fr\/wp-json\/wp\/v2\/users\/1"}],"replies":[{"embeddable":true,"href":"https:\/\/www.medae-agroecology.eu\/fr\/wp-json\/wp\/v2\/comments?post=2229"}],"version-history":[{"count":19,"href":"https:\/\/www.medae-agroecology.eu\/fr\/wp-json\/wp\/v2\/posts\/2229\/revisions"}],"predecessor-version":[{"id":2357,"href":"https:\/\/www.medae-agroecology.eu\/fr\/wp-json\/wp\/v2\/posts\/2229\/revisions\/2357"}],"wp:featuredmedia":[{"embeddable":true,"href":"https:\/\/www.medae-agroecology.eu\/fr\/wp-json\/wp\/v2\/media\/2353"}],"wp:attachment":[{"href":"https:\/\/www.medae-agroecology.eu\/fr\/wp-json\/wp\/v2\/media?parent=2229"}],"wp:term":[{"taxonomy":"category","embeddable":true,"href":"https:\/\/www.medae-agroecology.eu\/fr\/wp-json\/wp\/v2\/categories?post=2229"},{"taxonomy":"post_tag","embeddable":true,"href":"https:\/\/www.medae-agroecology.eu\/fr\/wp-json\/wp\/v2\/tags?post=2229"}],"curies":[{"name":"wp","href":"https:\/\/api.w.org\/{rel}","templated":true}]}}