{"id":2125,"date":"2025-05-29T10:09:26","date_gmt":"2025-05-29T10:09:26","guid":{"rendered":"https:\/\/www.medae-agroecology.eu\/?p=2125"},"modified":"2025-11-28T17:47:56","modified_gmt":"2025-11-28T17:47:56","slug":"seminar-agroecological-transition-and-climate-in-algeria","status":"publish","type":"post","link":"https:\/\/www.medae-agroecology.eu\/fr\/2025\/05\/29\/seminar-agroecological-transition-and-climate-in-algeria\/","title":{"rendered":"S\u00e9minaire - Transition agro\u00e9cologique et climat en Alg\u00e9rie"},"content":{"rendered":"<div data-elementor-type=\"wp-post\" data-elementor-id=\"2125\" class=\"elementor elementor-2125\">\n\t\t\t\t<div class=\"aux-parallax-section elementor-element elementor-element-507b20c e-flex e-con-boxed e-con e-parent\" data-id=\"507b20c\" data-element_type=\"container\" data-e-type=\"container\">\n\t\t\t\t\t<div class=\"e-con-inner\">\n\t\t\t\t<div class=\"elementor-element elementor-element-51818a8 elementor-widget elementor-widget-image\" data-id=\"51818a8\" data-element_type=\"widget\" data-e-type=\"widget\" data-widget_type=\"image.default\">\n\t\t\t\t<div class=\"elementor-widget-container\">\n\t\t\t\t\t\t\t\t\t\t\t\t\t\t\t<img fetchpriority=\"high\" decoding=\"async\" width=\"1024\" height=\"1024\" src=\"https:\/\/www.medae-agroecology.eu\/wp-content\/uploads\/2025\/05\/FR_Poster-1024x1024.png\" class=\"attachment-large size-large wp-image-2128\" alt=\"\" srcset=\"https:\/\/www.medae-agroecology.eu\/wp-content\/uploads\/2025\/05\/FR_Poster-1024x1024.png 1024w, https:\/\/www.medae-agroecology.eu\/wp-content\/uploads\/2025\/05\/FR_Poster-300x300.png 300w, https:\/\/www.medae-agroecology.eu\/wp-content\/uploads\/2025\/05\/FR_Poster-150x150.png 150w, https:\/\/www.medae-agroecology.eu\/wp-content\/uploads\/2025\/05\/FR_Poster-768x768.png 768w, https:\/\/www.medae-agroecology.eu\/wp-content\/uploads\/2025\/05\/FR_Poster-12x12.png 12w\" sizes=\"(max-width: 1024px) 100vw, 1024px\" \/>\t\t\t\t\t\t\t\t\t\t\t\t\t\t\t<\/div>\n\t\t\t\t<\/div>\n\t\t\t\t\t<\/div>\n\t\t\t\t<\/div>\n\t\t<div class=\"aux-parallax-section elementor-element elementor-element-8607d28 e-flex e-con-boxed e-con e-parent\" data-id=\"8607d28\" data-element_type=\"container\" data-e-type=\"container\">\n\t\t\t\t\t<div class=\"e-con-inner\">\n\t\t<div class=\"elementor-element elementor-element-55a4d2e e-con-full e-flex e-con e-child\" data-id=\"55a4d2e\" data-element_type=\"container\" data-e-type=\"container\">\n\t\t\t\t<div class=\"elementor-element elementor-element-36d8198 elementor-widget elementor-widget-heading\" data-id=\"36d8198\" data-element_type=\"widget\" data-e-type=\"widget\" data-widget_type=\"heading.default\">\n\t\t\t\t<div class=\"elementor-widget-container\">\n\t\t\t\t\t<h2 class=\"elementor-heading-title elementor-size-default\">S\u00e9minaire<\/h2>\t\t\t\t<\/div>\n\t\t\t\t<\/div>\n\t\t\t\t<div class=\"elementor-element elementor-element-a9b26f9 elementor-widget elementor-widget-heading\" data-id=\"a9b26f9\" data-element_type=\"widget\" data-e-type=\"widget\" data-widget_type=\"heading.default\">\n\t\t\t\t<div class=\"elementor-widget-container\">\n\t\t\t\t\t<h6 class=\"elementor-heading-title elementor-size-default\">Alger, 29 juin 2025<\/h6>\t\t\t\t<\/div>\n\t\t\t\t<\/div>\n\t\t\t\t<\/div>\n\t\t\t\t\t<\/div>\n\t\t\t\t<\/div>\n\t\t<div class=\"aux-parallax-section elementor-element elementor-element-0232213 e-flex e-con-boxed e-con e-parent\" data-id=\"0232213\" data-element_type=\"container\" data-e-type=\"container\">\n\t\t\t\t\t<div class=\"e-con-inner\">\n\t\t<div class=\"elementor-element elementor-element-1c0aae3 e-con-full e-flex e-con e-child\" data-id=\"1c0aae3\" data-element_type=\"container\" data-e-type=\"container\">\n\t\t\t\t<div class=\"elementor-element elementor-element-0fbcd22 elementor-widget elementor-widget-heading\" data-id=\"0fbcd22\" data-element_type=\"widget\" data-e-type=\"widget\" data-widget_type=\"heading.default\">\n\t\t\t\t<div class=\"elementor-widget-container\">\n\t\t\t\t\t<h4 class=\"elementor-heading-title elementor-size-default\">Transition agro\u00e9cologique dans diff\u00e9rents \u00e9cosyst\u00e8mes pour lutter contre le changement climatique en Alg\u00e9rie : r\u00e9flexions sur une approche multi-acteurs<\/h4>\t\t\t\t<\/div>\n\t\t\t\t<\/div>\n\t\t\t\t<\/div>\n\t\t\t\t\t<\/div>\n\t\t\t\t<\/div>\n\t\t<div class=\"aux-parallax-section elementor-element elementor-element-9f57b42 e-flex e-con-boxed e-con e-parent\" data-id=\"9f57b42\" data-element_type=\"container\" data-e-type=\"container\">\n\t\t\t\t\t<div class=\"e-con-inner\">\n\t\t<div class=\"elementor-element elementor-element-157e701 e-con-full e-flex e-con e-child\" data-id=\"157e701\" data-element_type=\"container\" data-e-type=\"container\">\n\t\t<div class=\"elementor-element elementor-element-bacce05 e-con-full e-flex e-con e-child\" data-id=\"bacce05\" data-element_type=\"container\" data-e-type=\"container\">\n\t\t<div class=\"elementor-element elementor-element-4ce765c e-con-full e-flex e-con e-child\" data-id=\"4ce765c\" data-element_type=\"container\" data-e-type=\"container\">\n\t\t\t\t<div class=\"elementor-element elementor-element-af84dea elementor-position-inline-start elementor-view-default elementor-mobile-position-block-start elementor-widget elementor-widget-icon-box\" data-id=\"af84dea\" data-element_type=\"widget\" data-e-type=\"widget\" data-widget_type=\"icon-box.default\">\n\t\t\t\t<div class=\"elementor-widget-container\">\n\t\t\t\t\t\t\t<div class=\"elementor-icon-box-wrapper\">\n\n\t\t\t\t\t\t<div class=\"elementor-icon-box-icon\">\n\t\t\t\t<span  class=\"elementor-icon\">\n\t\t\t\t<i aria-hidden=\"true\" class=\"fas fa-dot-circle\"><\/i>\t\t\t\t<\/span>\n\t\t\t<\/div>\n\t\t\t\n\t\t\t\t\t\t<div class=\"elementor-icon-box-content\">\n\n\t\t\t\t\t\t\t\t\t<h2 class=\"elementor-icon-box-title\">\n\t\t\t\t\t\t<span  >\n\t\t\t\t\t\t\tR\u00e9sum\u00e9\t\t\t\t\t\t<\/span>\n\t\t\t\t\t<\/h2>\n\t\t\t\t\n\t\t\t\t\n\t\t\t<\/div>\n\t\t\t\n\t\t<\/div>\n\t\t\t\t\t\t<\/div>\n\t\t\t\t<\/div>\n\t\t\t\t<div class=\"elementor-element elementor-element-979d871 elementor-widget elementor-widget-text-editor\" data-id=\"979d871\" data-element_type=\"widget\" data-e-type=\"widget\" data-widget_type=\"text-editor.default\">\n\t\t\t\t<div class=\"elementor-widget-container\">\n\t\t\t\t\t\t\t\t\t<p>Ce s\u00e9minaire est organis\u00e9 dans le cadre du projet NATAE pour aborder la transition agro\u00e9cologique face au changement climatique. L'objectif est de discuter des impacts du climat sur les \u00e9cosyst\u00e8mes, de promouvoir le r\u00e9seau MEDAE et de renforcer l'engagement des parties prenantes. L'\u00e9v\u00e9nement vise \u00e0 soutenir les politiques publiques en faveur de l'agro\u00e9cologie et des syst\u00e8mes alimentaires durables, \u00e0 mettre en lumi\u00e8re les initiatives locales et \u00e0 mettre en commun les r\u00e9sultats de la recherche. Un autre objectif est d'int\u00e9grer les initiatives alg\u00e9riennes en faveur de la transition agro\u00e9cologique dans une approche r\u00e9gionale afin de partager les efforts et les ressources.<\/p><p><!-- \/wp:paragraph --><\/p>\t\t\t\t\t\t\t\t<\/div>\n\t\t\t\t<\/div>\n\t\t\t\t<div class=\"elementor-element elementor-element-c70e81f elementor-position-inline-start elementor-view-default elementor-mobile-position-block-start elementor-widget elementor-widget-icon-box\" data-id=\"c70e81f\" data-element_type=\"widget\" data-e-type=\"widget\" data-widget_type=\"icon-box.default\">\n\t\t\t\t<div class=\"elementor-widget-container\">\n\t\t\t\t\t\t\t<div class=\"elementor-icon-box-wrapper\">\n\n\t\t\t\t\t\t<div class=\"elementor-icon-box-icon\">\n\t\t\t\t<span  class=\"elementor-icon\">\n\t\t\t\t<i aria-hidden=\"true\" class=\"fas fa-dot-circle\"><\/i>\t\t\t\t<\/span>\n\t\t\t<\/div>\n\t\t\t\n\t\t\t\t\t\t<div class=\"elementor-icon-box-content\">\n\n\t\t\t\t\t\t\t\t\t<h2 class=\"elementor-icon-box-title\">\n\t\t\t\t\t\t<span  >\n\t\t\t\t\t\t\tProgramme \t\t\t\t\t\t<\/span>\n\t\t\t\t\t<\/h2>\n\t\t\t\t\n\t\t\t\t\n\t\t\t<\/div>\n\t\t\t\n\t\t<\/div>\n\t\t\t\t\t\t<\/div>\n\t\t\t\t<\/div>\n\t\t\t\t<div class=\"elementor-element elementor-element-94363d8 elementor-widget elementor-widget-html\" data-id=\"94363d8\" data-element_type=\"widget\" data-e-type=\"widget\" data-widget_type=\"html.default\">\n\t\t\t\t<div class=\"elementor-widget-container\">\n\t\t\t\t\t<style>\r\nsection.programme-agenda ul {\r\n  list-style-type: disc;\r\n  padding-left: 20px;\r\n}\r\n\r\nsection.programme-agenda ul li {\r\n  margin-bottom: 14px;\r\n  line-height: 1.6em;\r\n}\r\n<\/style>\r\n\r\n<section class=\"programme-agenda\">\r\n  <ul>\r\n    <li><strong>10:00 - 10:30<\/strong> - Accueil des participants - Inscription<\/li>\r\n    <li><strong>10:30 - 11:00<\/strong> - <strong>C\u00e9r\u00e9monie d'ouverture<\/strong><br><em>Mod\u00e9rateur : Karima Boudedja<\/em><\/li>\r\n    <li><strong>11:00 - 11:30<\/strong> - Pause caf\u00e9<\/li>\r\n    <li><strong>11:30 - 13:30<\/strong> - <strong>Session 1 :<\/strong> L'agro\u00e9cologie dans les diff\u00e9rents agro\u00e9cosyst\u00e8mes d'Afrique du Nord<br><em>Mod\u00e9rateur : Amel Bouzid<\/em><\/li>\r\n    <li><strong>13:30 - 15:00<\/strong> - Pause d\u00e9jeuner<\/li>\r\n    <li><strong>15:00 - 16:00<\/strong> - <strong>Session 2 :<\/strong> La voix des professionnels de l'agro\u00e9cologie<br><em>Mod\u00e9rateur : Aissa Belhadi<\/em><\/li>\r\n    <li><strong>16:00 - 17:30<\/strong> - <strong>Session 3 :<\/strong> Politiques et programmes pour la transition agro\u00e9cologique<br><em>Mod\u00e9rateur : Amine Oulmane<\/em><\/li>\r\n    <li><strong>17:30<\/strong> - <strong>D\u00e9bat et conclusion<\/strong><\/li>\r\n  <\/ul>\r\n<\/section>\r\n\r\n\t\t\t\t<\/div>\n\t\t\t\t<\/div>\n\t\t\t\t<div class=\"elementor-element elementor-element-1038b68 elementor-widget elementor-widget-spacer\" data-id=\"1038b68\" data-element_type=\"widget\" data-e-type=\"widget\" data-widget_type=\"spacer.default\">\n\t\t\t\t<div class=\"elementor-widget-container\">\n\t\t\t\t\t\t\t<div class=\"elementor-spacer\">\n\t\t\t<div class=\"elementor-spacer-inner\"><\/div>\n\t\t<\/div>\n\t\t\t\t\t\t<\/div>\n\t\t\t\t<\/div>\n\t\t\t\t<div class=\"elementor-element elementor-element-c2642c8 elementor-widget elementor-widget-text-editor\" data-id=\"c2642c8\" data-element_type=\"widget\" data-e-type=\"widget\" data-widget_type=\"text-editor.default\">\n\t\t\t\t<div class=\"elementor-widget-container\">\n\t\t\t\t\t\t\t\t\t<p><strong>Cliquez ici pour en savoir plus et t\u00e9l\u00e9charger l'agenda complet<\/strong><\/p>\t\t\t\t\t\t\t\t<\/div>\n\t\t\t\t<\/div>\n\t\t<div class=\"elementor-element elementor-element-7241754 e-con-full e-flex e-con e-child\" data-id=\"7241754\" data-element_type=\"container\" data-e-type=\"container\">\n\t\t\t\t<div class=\"elementor-element elementor-element-b0eb7c0 elementor-widget__width-initial elementor-align-center elementor-widget elementor-widget-button\" data-id=\"b0eb7c0\" data-element_type=\"widget\" data-e-type=\"widget\" data-widget_type=\"button.default\">\n\t\t\t\t<div class=\"elementor-widget-container\">\n\t\t\t\t\t\t\t\t\t<div class=\"elementor-button-wrapper\">\n\t\t\t\t\t<a class=\"elementor-button elementor-button-link elementor-size-sm\" href=\"https:\/\/www.medae-agroecology.eu\/wp-content\/uploads\/2025\/05\/V4_ENG_Agenda_Seminar_NATAE_PDF_compressed.pdf\" target=\"_blank\">\n\t\t\t\t\t\t<span class=\"elementor-button-content-wrapper\">\n\t\t\t\t\t\t<span class=\"elementor-button-icon\">\n\t\t\t\t<svg xmlns=\"http:\/\/www.w3.org\/2000\/svg\" viewbox=\"0 0 50 30\" width=\"1000\" height=\"600\"><clippath id=\"t\"><path d=\"M25,15h25v15zv15h-25zh-25v-15zv-15h25z\"><\/path><\/clippath><path d=\"M0,0v30h50v-30z\" fill=\"#012169\"><\/path><path d=\"M0,0 50,30M50,0 0,30\" stroke=\"#fff\" stroke-width=\"6\"><\/path><path d=\"M0,0 50,30M50,0 0,30\" clip-path=\"url(#t)\" stroke=\"#C8102E\" stroke-width=\"4\"><\/path><path d=\"M-1 11h22v-12h8v12h22v8h-22v12h-8v-12h-22z\" fill=\"#C8102E\" stroke=\"#FFF\" stroke-width=\"2\"><\/path><\/svg>\t\t\t<\/span>\n\t\t\t\t\t\t\t\t\t<span class=\"elementor-button-text\">En savoir plus<\/span>\n\t\t\t\t\t<\/span>\n\t\t\t\t\t<\/a>\n\t\t\t\t<\/div>\n\t\t\t\t\t\t\t\t<\/div>\n\t\t\t\t<\/div>\n\t\t\t\t<div class=\"elementor-element elementor-element-c077f20 elementor-widget__width-initial elementor-widget elementor-widget-button\" data-id=\"c077f20\" data-element_type=\"widget\" data-e-type=\"widget\" data-widget_type=\"button.default\">\n\t\t\t\t<div class=\"elementor-widget-container\">\n\t\t\t\t\t\t\t\t\t<div class=\"elementor-button-wrapper\">\n\t\t\t\t\t<a class=\"elementor-button elementor-button-link elementor-size-sm\" href=\"https:\/\/www.medae-agroecology.eu\/wp-content\/uploads\/2025\/05\/FR_Agenda_Natae_Medae-Seminaire_compressed.pdf\" target=\"_blank\">\n\t\t\t\t\t\t<span class=\"elementor-button-content-wrapper\">\n\t\t\t\t\t\t<span class=\"elementor-button-icon\">\n\t\t\t\t<svg xmlns=\"http:\/\/www.w3.org\/2000\/svg\" id=\"Countryflags.com\" viewbox=\"0 0 300 200\"><defs><style>      .cls-1 {        fill: #ed2939;      }      .cls-1, .cls-2, .cls-3 {        stroke-width: 0px;      }      .cls-2 {        fill: #002395;      }      .cls-3 {        fill: #fff;      }    <\/style><\/defs><rect id=\"_3\" data-name=\"3\" class=\"cls-1\" width=\"300\" height=\"200\"><\/rect><rect id=\"_2\" data-name=\"2\" class=\"cls-3\" width=\"200\" height=\"200\"><\/rect><rect id=\"_1\" data-name=\"1\" class=\"cls-2\" width=\"100\" height=\"200\"><\/rect><\/svg>\t\t\t<\/span>\n\t\t\t\t\t\t\t\t\t<span class=\"elementor-button-text\">En savoir plus<\/span>\n\t\t\t\t\t<\/span>\n\t\t\t\t\t<\/a>\n\t\t\t\t<\/div>\n\t\t\t\t\t\t\t\t<\/div>\n\t\t\t\t<\/div>\n\t\t\t\t<\/div>\n\t\t\t\t<\/div>\n\t\t\t\t<\/div>\n\t\t\t\t<\/div>\n\t\t\t\t\t<\/div>\n\t\t\t\t<\/div>\n\t\t\t\t<section class=\"elementor-section elementor-top-section elementor-element elementor-element-64215d47 elementor-section-boxed elementor-section-height-default elementor-section-height-default\" data-id=\"64215d47\" data-element_type=\"section\" data-e-type=\"section\">\n\t\t\t\t\t\t<div class=\"elementor-container elementor-column-gap-default\">\n\t\t\t\t\t<div class=\"aux-parallax-section elementor-column elementor-col-100 elementor-top-column elementor-element elementor-element-4710242f\" data-id=\"4710242f\" data-element_type=\"column\" data-e-type=\"column\">\n\t\t\t<div class=\"elementor-widget-wrap\">\n\t\t\t\t\t\t\t<\/div>\n\t\t<\/div>\n\t\t\t\t\t<\/div>\n\t\t<\/section>\n\t\t\t\t<\/div>","protected":false},"excerpt":{"rendered":"<p>Seminar Algiers, June 29, 2025 Agroecological transition in different ecosystems to combat climate change in Algeria: reflections on a multi-stakeholder approach Summary This seminar is organized within the framework of the NATAE project to address the agroecological transition in the face of climate change. The objective is to discuss climate impacts across ecosystems, promote the [&hellip;]<\/p>\n","protected":false},"author":1,"featured_media":2127,"comment_status":"closed","ping_status":"closed","sticky":false,"template":"","format":"standard","meta":{"footnotes":""},"categories":[40],"tags":[37],"class_list":["post-2125","post","type-post","status-publish","format-standard","has-post-thumbnail","hentry","category-news","tag-webinars"],"_links":{"self":[{"href":"https:\/\/www.medae-agroecology.eu\/fr\/wp-json\/wp\/v2\/posts\/2125","targetHints":{"allow":["GET"]}}],"collection":[{"href":"https:\/\/www.medae-agroecology.eu\/fr\/wp-json\/wp\/v2\/posts"}],"about":[{"href":"https:\/\/www.medae-agroecology.eu\/fr\/wp-json\/wp\/v2\/types\/post"}],"author":[{"embeddable":true,"href":"https:\/\/www.medae-agroecology.eu\/fr\/wp-json\/wp\/v2\/users\/1"}],"replies":[{"embeddable":true,"href":"https:\/\/www.medae-agroecology.eu\/fr\/wp-json\/wp\/v2\/comments?post=2125"}],"version-history":[{"count":19,"href":"https:\/\/www.medae-agroecology.eu\/fr\/wp-json\/wp\/v2\/posts\/2125\/revisions"}],"predecessor-version":[{"id":2363,"href":"https:\/\/www.medae-agroecology.eu\/fr\/wp-json\/wp\/v2\/posts\/2125\/revisions\/2363"}],"wp:featuredmedia":[{"embeddable":true,"href":"https:\/\/www.medae-agroecology.eu\/fr\/wp-json\/wp\/v2\/media\/2127"}],"wp:attachment":[{"href":"https:\/\/www.medae-agroecology.eu\/fr\/wp-json\/wp\/v2\/media?parent=2125"}],"wp:term":[{"taxonomy":"category","embeddable":true,"href":"https:\/\/www.medae-agroecology.eu\/fr\/wp-json\/wp\/v2\/categories?post=2125"},{"taxonomy":"post_tag","embeddable":true,"href":"https:\/\/www.medae-agroecology.eu\/fr\/wp-json\/wp\/v2\/tags?post=2125"}],"curies":[{"name":"wp","href":"https:\/\/api.w.org\/{rel}","templated":true}]}}